{"id":217,"date":"2018-03-25T20:17:28","date_gmt":"2018-03-25T18:17:28","guid":{"rendered":"http:\/\/boucledorcoiffure.com\/?p=217"},"modified":"2019-01-11T21:12:24","modified_gmt":"2019-01-11T20:12:24","slug":"connaitre-son-type-de-cheveux-la-classification-dandre-walker","status":"publish","type":"post","link":"https:\/\/www.boucledorcoiffure.com\/index.php\/2018\/03\/25\/connaitre-son-type-de-cheveux-la-classification-dandre-walker\/","title":{"rendered":"Conna\u00eetre son type de cheveux : la classification d&#8217;Andr\u00e9 Walker ?"},"content":{"rendered":"<p>&nbsp;<\/p>\n<p>&nbsp;<\/p>\n<p><span style=\"color: #000000;\"><strong>1a, 2c, 3b, 3c, etc. Nombreux d&#8217;entre vous ont d\u00e9j\u00e0 vu ou entendu ces termes pour parler des cheveux, mais que repr\u00e9sentent-ils vraiment ?<\/strong><\/span><\/p>\n<h1><span style=\"color: #000000;\">La classification d&#8217;Andr\u00e9 Walker<\/span><\/h1>\n<p><img loading=\"lazy\" class=\"alignnone size-full wp-image-262\" src=\"https:\/\/www.boucledorcoiffure.com\/wp-content\/uploads\/2018\/03\/curl_pattern.jpg\" alt=\"\" width=\"880\" height=\"238\" srcset=\"https:\/\/www.boucledorcoiffure.com\/wp-content\/uploads\/2018\/03\/curl_pattern.jpg 880w, https:\/\/www.boucledorcoiffure.com\/wp-content\/uploads\/2018\/03\/curl_pattern-600x162.jpg 600w, https:\/\/www.boucledorcoiffure.com\/wp-content\/uploads\/2018\/03\/curl_pattern-300x81.jpg 300w, https:\/\/www.boucledorcoiffure.com\/wp-content\/uploads\/2018\/03\/curl_pattern-768x208.jpg 768w, https:\/\/www.boucledorcoiffure.com\/wp-content\/uploads\/2018\/03\/curl_pattern-700x189.jpg 700w, https:\/\/www.boucledorcoiffure.com\/wp-content\/uploads\/2018\/03\/curl_pattern-520x141.jpg 520w, https:\/\/www.boucledorcoiffure.com\/wp-content\/uploads\/2018\/03\/curl_pattern-360x97.jpg 360w, https:\/\/www.boucledorcoiffure.com\/wp-content\/uploads\/2018\/03\/curl_pattern-250x68.jpg 250w, https:\/\/www.boucledorcoiffure.com\/wp-content\/uploads\/2018\/03\/curl_pattern-100x27.jpg 100w\" sizes=\"(max-width: 880px) 100vw, 880px\" \/><\/p>\n<p><span style=\"color: #000000;\"><strong>Ces combinaisons proviennent de la classification de Andr\u00e9 Walker<\/strong>. C\u00e9l\u00e8bre coiffeur afro-am\u00e9ricain, (Oprah Winfrey et Michelle Obama sont pass\u00e9es sous sa main) <strong>Andr\u00e9 Walker a class\u00e9 les diff\u00e9rents types de cheveux selon 2 crit\u00e8res :<\/strong><\/span><\/p>\n<p><span style=\"color: #000000;\">&#8211; <span style=\"text-decoration: underline;\"><strong>La texture du cheveu :<\/strong><\/span> elle est identifi\u00e9e par le num\u00e9ro, allant de <strong>1 <\/strong>\u00e0<strong> 4, du lisse au cr\u00e9pu<\/strong> :<\/span><br \/>\n<span style=\"color: #000000;\"> . 1 : cheveux lisses<\/span><br \/>\n<span style=\"color: #000000;\"> . 2 : cheveux ondul\u00e9s<\/span><br \/>\n<span style=\"color: #000000;\"> . 3 : cheveux boucl\u00e9s ou fris\u00e9s<\/span><br \/>\n<span style=\"color: #000000;\"> . 4 : cheveux cr\u00e9pus<\/span><\/p>\n<p><span style=\"color: #000000;\">&#8211; <span style=\"text-decoration: underline;\"><strong>L&#8217;\u00e9paisseur :<\/strong><\/span> elle est identifi\u00e9e par la lettre, allant de <strong>a <\/strong>\u00e0<strong> c, du moins au plus \u00e9pais<\/strong> :<\/span><br \/>\n<span style=\"color: #000000;\"> . a : fins<\/span><br \/>\n<span style=\"color: #000000;\"> . b : moyennement \u00e9pais<\/span><br \/>\n<span style=\"color: #000000;\"> . c : tr\u00e8s \u00e9pais<\/span><\/p>\n<p><span style=\"color: #000000;\"><strong>Par exemple, 4b correspondrait \u00e0 des cheveux cr\u00e9pus tr\u00e8s \u00e9pais.<\/strong><\/span><\/p>\n<p><span style=\"color: #000000;\">La classification de Walker a cr\u00e9\u00e9 un langage commun permettant d&#8217;identifier le type de cheveux avec des termes simples. Cependant, certains sites donnent des &#8220;conseils&#8221; selon la cat\u00e9gorie \u00e0 laquelle vous appartenez&#8230;<\/span><\/p>\n<h1><span style=\"color: #000000;\">Doit-on adapter ses soins selon cette classification ?<\/span><\/h1>\n<p><span style=\"color: #000000;\"><strong>NON. La classification peut \u00eatre utile pour identifier VISUELLEMENT son type de cheveux, mais en aucun cas elle doit \u00eatre utilis\u00e9 pour adapter ses soins.<\/strong> Comme tout \u00eatre humain, chaque chevelure est unique. Il est possible d&#8217;avoir plusieurs types de cheveux sur sa t\u00eate ; n&#8217;avez-vous jamais ressenti avoir des cheveux d&#8217;une texture diff\u00e9rente d&#8217;une zone \u00e0 l&#8217;autre ? <strong>De plus, on peut voir sur plusieurs articles sur Internet que chaque classe doit avoir son type de soin, ce qui est faux.<\/strong> Vous pouvez tr\u00e8s bien avoir&nbsp;<a style=\"color: #000000;\" href=\"https:\/\/www.boucledorcoiffure.com\/index.php\/2018\/03\/19\/3-astuces-essentielles-pour-faire-pousser-vos-cheveux-afro-plus-vite\/\"><span style=\"color: #000080;\"> des cheveux cr\u00e9pus<\/span><\/a>, kinky et avoir des cheveux naturellement tr\u00e8s souples et pas secs comme on peut vous le faire croire. En tant que coiffeuse professionnelle depuis plus de 20 ans, j&#8217;ai vu \u00e9norm\u00e9ment de cheveux qui semblaient, en apparence, secs mais qui, au final, \u00e9taient tr\u00e8s souples et bien nourris \u00e0 la racine.<\/span><\/p>\n<h1><span style=\"color: #000000;\">Que faire alors pour choisir mes soins ?<\/span><\/h1>\n<p><img loading=\"lazy\" class=\"alignnone size-full wp-image-267\" src=\"https:\/\/www.boucledorcoiffure.com\/wp-content\/uploads\/2018\/03\/Jolie-femme-curly-hair-soin-cheveux.jpg\" alt=\"\" width=\"1900\" height=\"908\" srcset=\"https:\/\/www.boucledorcoiffure.com\/wp-content\/uploads\/2018\/03\/Jolie-femme-curly-hair-soin-cheveux.jpg 1900w, https:\/\/www.boucledorcoiffure.com\/wp-content\/uploads\/2018\/03\/Jolie-femme-curly-hair-soin-cheveux-600x287.jpg 600w, https:\/\/www.boucledorcoiffure.com\/wp-content\/uploads\/2018\/03\/Jolie-femme-curly-hair-soin-cheveux-300x143.jpg 300w, https:\/\/www.boucledorcoiffure.com\/wp-content\/uploads\/2018\/03\/Jolie-femme-curly-hair-soin-cheveux-768x367.jpg 768w, https:\/\/www.boucledorcoiffure.com\/wp-content\/uploads\/2018\/03\/Jolie-femme-curly-hair-soin-cheveux-1024x489.jpg 1024w, https:\/\/www.boucledorcoiffure.com\/wp-content\/uploads\/2018\/03\/Jolie-femme-curly-hair-soin-cheveux-700x335.jpg 700w, https:\/\/www.boucledorcoiffure.com\/wp-content\/uploads\/2018\/03\/Jolie-femme-curly-hair-soin-cheveux-520x249.jpg 520w, https:\/\/www.boucledorcoiffure.com\/wp-content\/uploads\/2018\/03\/Jolie-femme-curly-hair-soin-cheveux-360x172.jpg 360w, https:\/\/www.boucledorcoiffure.com\/wp-content\/uploads\/2018\/03\/Jolie-femme-curly-hair-soin-cheveux-250x119.jpg 250w, https:\/\/www.boucledorcoiffure.com\/wp-content\/uploads\/2018\/03\/Jolie-femme-curly-hair-soin-cheveux-100x48.jpg 100w\" sizes=\"(max-width: 1900px) 100vw, 1900px\" \/><\/p>\n<p><span style=\"color: #000000;\"><strong>Le meilleur conseil que je puisse<\/strong><\/span><span style=\"color: #000000;\"><strong>&nbsp;vous donner : testez.<\/strong> Essayez diff\u00e9rents soins capillaires, changez les fr\u00e9quences d&#8217;utilisation, tentez diff\u00e9rents produits et observez comment vos cheveux r\u00e9agissent pour adapter le tout et <strong>trouver votre routine capillaire id\u00e9ale. <\/strong><\/span><\/p>\n<p><span style=\"color: #000000;\"><strong>La m\u00e9thode la plus efficace<\/strong> restera tout de m\u00eame d&#8217;aller <span style=\"color: #000080;\"><a style=\"color: #000080;\" href=\"https:\/\/www.boucledorcoiffure.com\/\">chez Boucle d&#8217;Or Coiffure<\/a><\/span> ou votre coiffeur le plus proche pour qu&#8217;ils puissent vous conseiller : il vous aidera \u00e0 identifier la nature de vos cheveux et quelle routine de soin mettre en place.<\/span><\/p>\n<p><span style=\"color: #000000;\"><strong>Et n&#8217;oubliez pas : chaque cheveu a ses propres besoins.<\/strong><\/span><\/p>\n<p>&nbsp;<\/p>\n","protected":false},"excerpt":{"rendered":"<p>&nbsp; &nbsp; 1a, 2c, 3b, 3c, etc. Nombreux d&#8217;entre vous ont d\u00e9j\u00e0 vu ou entendu&hellip;<\/p>\n","protected":false},"author":1,"featured_media":261,"comment_status":"open","ping_status":"open","sticky":false,"template":"","format":"standard","meta":{"_monsterinsights_skip_tracking":false,"_monsterinsights_sitenote_active":false,"_monsterinsights_sitenote_note":"","_monsterinsights_sitenote_category":0,"ngg_post_thumbnail":0},"categories":[6],"tags":[],"aioseo_notices":[],"_links":{"self":[{"href":"https:\/\/www.boucledorcoiffure.com\/index.php\/wp-json\/wp\/v2\/posts\/217"}],"collection":[{"href":"https:\/\/www.boucledorcoiffure.com\/index.php\/wp-json\/wp\/v2\/posts"}],"about":[{"href":"https:\/\/www.boucledorcoiffure.com\/index.php\/wp-json\/wp\/v2\/types\/post"}],"author":[{"embeddable":true,"href":"https:\/\/www.boucledorcoiffure.com\/index.php\/wp-json\/wp\/v2\/users\/1"}],"replies":[{"embeddable":true,"href":"https:\/\/www.boucledorcoiffure.com\/index.php\/wp-json\/wp\/v2\/comments?post=217"}],"version-history":[{"count":13,"href":"https:\/\/www.boucledorcoiffure.com\/index.php\/wp-json\/wp\/v2\/posts\/217\/revisions"}],"predecessor-version":[{"id":333,"href":"https:\/\/www.boucledorcoiffure.com\/index.php\/wp-json\/wp\/v2\/posts\/217\/revisions\/333"}],"wp:featuredmedia":[{"embeddable":true,"href":"https:\/\/www.boucledorcoiffure.com\/index.php\/wp-json\/wp\/v2\/media\/261"}],"wp:attachment":[{"href":"https:\/\/www.boucledorcoiffure.com\/index.php\/wp-json\/wp\/v2\/media?parent=217"}],"wp:term":[{"taxonomy":"category","embeddable":true,"href":"https:\/\/www.boucledorcoiffure.com\/index.php\/wp-json\/wp\/v2\/categories?post=217"},{"taxonomy":"post_tag","embeddable":true,"href":"https:\/\/www.boucledorcoiffure.com\/index.php\/wp-json\/wp\/v2\/tags?post=217"}],"curies":[{"name":"wp","href":"https:\/\/api.w.org\/{rel}","templated":true}]}}