{"id":303,"date":"2018-06-17T11:30:32","date_gmt":"2018-06-17T09:30:32","guid":{"rendered":"https:\/\/www.boucledorcoiffure.com\/?p=303"},"modified":"2019-01-13T22:20:31","modified_gmt":"2019-01-13T21:20:31","slug":"coloration-des-cheveux-a-la-maison-ou-dans-un-salon","status":"publish","type":"post","link":"https:\/\/www.boucledorcoiffure.com\/index.php\/2018\/06\/17\/coloration-des-cheveux-a-la-maison-ou-dans-un-salon\/","title":{"rendered":"Coloration des cheveux : \u00e0 la maison ou dans un salon ?"},"content":{"rendered":"<p><span style=\"color: #000000;\"><strong>L&#8217;\u00e9t\u00e9 arrive, les couleurs avec. Blond, bleu, rouge, argent\u00e9 et j&#8217;en passe : la coloration des cheveux est la tendance du moment. Viens alors une question r\u00e9currente : dois-je faire ma coloration \u00e0 la maison ou dans un salon de coiffure ? Quels sont les avantages et inconv\u00e9nients ? Nous vous aidons \u00e0 faire votre choix \u00e0 travers cet article.<\/strong><\/span><\/p>\n<h1><span style=\"color: #000000;\">Coloration &#8220;Maison&#8221;<\/span><\/h1>\n<p><span style=\"color: #000000;\"><img loading=\"lazy\" class=\"alignnone size-full wp-image-314\" src=\"https:\/\/www.boucledorcoiffure.com\/wp-content\/uploads\/2018\/06\/Coloration-maison-comment-la-r\u00e9ussir-mode-demploi.jpg\" alt=\"\" width=\"900\" height=\"530\" srcset=\"https:\/\/www.boucledorcoiffure.com\/wp-content\/uploads\/2018\/06\/Coloration-maison-comment-la-r\u00e9ussir-mode-demploi.jpg 900w, https:\/\/www.boucledorcoiffure.com\/wp-content\/uploads\/2018\/06\/Coloration-maison-comment-la-r\u00e9ussir-mode-demploi-600x353.jpg 600w, https:\/\/www.boucledorcoiffure.com\/wp-content\/uploads\/2018\/06\/Coloration-maison-comment-la-r\u00e9ussir-mode-demploi-300x177.jpg 300w, https:\/\/www.boucledorcoiffure.com\/wp-content\/uploads\/2018\/06\/Coloration-maison-comment-la-r\u00e9ussir-mode-demploi-768x452.jpg 768w, https:\/\/www.boucledorcoiffure.com\/wp-content\/uploads\/2018\/06\/Coloration-maison-comment-la-r\u00e9ussir-mode-demploi-700x412.jpg 700w, https:\/\/www.boucledorcoiffure.com\/wp-content\/uploads\/2018\/06\/Coloration-maison-comment-la-r\u00e9ussir-mode-demploi-520x306.jpg 520w, https:\/\/www.boucledorcoiffure.com\/wp-content\/uploads\/2018\/06\/Coloration-maison-comment-la-r\u00e9ussir-mode-demploi-360x212.jpg 360w, https:\/\/www.boucledorcoiffure.com\/wp-content\/uploads\/2018\/06\/Coloration-maison-comment-la-r\u00e9ussir-mode-demploi-250x147.jpg 250w, https:\/\/www.boucledorcoiffure.com\/wp-content\/uploads\/2018\/06\/Coloration-maison-comment-la-r\u00e9ussir-mode-demploi-100x59.jpg 100w\" sizes=\"(max-width: 900px) 100vw, 900px\" \/><\/span><\/p>\n<h2><span style=\"color: #339966;\">Avantages :<\/span><\/h2>\n<ul>\n<li><span style=\"color: #000000;\"><span style=\"text-decoration: underline;\"><strong>Le prix :<\/strong><\/span>&nbsp;il s&#8217;agit \u00e9videmment du premier avantage. Faire une coloration soi-m\u00eame co\u00fbte moins cher qu&#8217;un passage dans votre salon pr\u00e9f\u00e9r\u00e9 <strong>(si parfaitement ma\u00eetris\u00e9e !)<\/strong> ;<\/span><\/li>\n<li><span style=\"color: #000000;\"><span style=\"text-decoration: underline;\"><strong>Etre chez soi :<\/strong><\/span> bien que les salons de coiffure restent un endroit tr\u00e8s chaleureux, qui n&#8217;aimerait pas faire sa petite coloration devant sa s\u00e9rie ou son \u00e9mission pr\u00e9f\u00e9r\u00e9e ?<\/span><\/li>\n<\/ul>\n<h2><span style=\"color: #ff0000;\">Inconv\u00e9nients :<\/span><\/h2>\n<ul>\n<li><span style=\"color: #000000;\"><span style=\"text-decoration: underline;\"><strong>R\u00e9sultats souvent mitig\u00e9s :<\/strong><\/span> malgr\u00e9 tous les efforts fournis par beaucoup d&#8217;entre eux, <strong>le r\u00e9sultat de la coloration obtenue seule n&#8217;est pas celle attendue \u00e0 la base<\/strong>&#8230; et cela pour diff\u00e9rentes raisons : instructions mal suivies, cheveux ab\u00eem\u00e9s, choix de la mauvaise coloration, etc ;<\/span><\/li>\n<li><span style=\"color: #000000;\"><span style=\"text-decoration: underline;\"><strong>Peu pratique :<\/strong><\/span> faire sa premi\u00e8re coloration \u00e0 la maison peut-\u00eatre difficile et tr\u00e8s long. Il y a des pr\u00e9cautions \u00e0 prendre et des \u00e9tapes \u00e0 suivre minutieusement pour avoir un r\u00e9sultat \u00e0 la hauteur de vos attentes.<\/span><\/li>\n<\/ul>\n<p>&nbsp;<\/p>\n<h1><span style=\"color: #000000;\">Coloration au salon de coiffure<\/span><\/h1>\n<p><span style=\"color: #000000;\"><img loading=\"lazy\" class=\"alignnone size-full wp-image-315\" src=\"https:\/\/www.boucledorcoiffure.com\/wp-content\/uploads\/2018\/06\/slide3_comp-1600x800.jpg\" alt=\"\" width=\"1600\" height=\"800\" srcset=\"https:\/\/www.boucledorcoiffure.com\/wp-content\/uploads\/2018\/06\/slide3_comp-1600x800.jpg 1600w, https:\/\/www.boucledorcoiffure.com\/wp-content\/uploads\/2018\/06\/slide3_comp-1600x800-600x300.jpg 600w, https:\/\/www.boucledorcoiffure.com\/wp-content\/uploads\/2018\/06\/slide3_comp-1600x800-300x150.jpg 300w, https:\/\/www.boucledorcoiffure.com\/wp-content\/uploads\/2018\/06\/slide3_comp-1600x800-768x384.jpg 768w, https:\/\/www.boucledorcoiffure.com\/wp-content\/uploads\/2018\/06\/slide3_comp-1600x800-1024x512.jpg 1024w, https:\/\/www.boucledorcoiffure.com\/wp-content\/uploads\/2018\/06\/slide3_comp-1600x800-700x350.jpg 700w, https:\/\/www.boucledorcoiffure.com\/wp-content\/uploads\/2018\/06\/slide3_comp-1600x800-520x260.jpg 520w, https:\/\/www.boucledorcoiffure.com\/wp-content\/uploads\/2018\/06\/slide3_comp-1600x800-360x180.jpg 360w, https:\/\/www.boucledorcoiffure.com\/wp-content\/uploads\/2018\/06\/slide3_comp-1600x800-250x125.jpg 250w, https:\/\/www.boucledorcoiffure.com\/wp-content\/uploads\/2018\/06\/slide3_comp-1600x800-100x50.jpg 100w\" sizes=\"(max-width: 1600px) 100vw, 1600px\" \/><\/span><\/p>\n<h2><span style=\"color: #339966;\">Avantages :<\/span><\/h2>\n<ul>\n<li><span style=\"color: #000000;\"><span style=\"text-decoration: underline;\"><strong>Conseil professionnel :<\/strong><\/span> <strong>aller dans un salon de coiffure, c&#8217;est s&#8217;assurer d&#8217;un r\u00e9sultat professionnel<\/strong>. Un coiffeur conna\u00eet le cheveu mieux que quiconque : que vos cheveux soient ab\u00eem\u00e9s, que vous ayez des cheveux blancs ou que vous ne connaissiez pas leur nature (vous pouvez apprendre \u00e0 mieux la conna\u00eetre \u00e0 travers <span style=\"color: #333399;\"><a style=\"color: #333399;\" href=\"https:\/\/www.boucledorcoiffure.com\/index.php\/2018\/03\/25\/connaitre-son-type-de-cheveux-la-classification-dandre-walker\/\">cet article<\/a><\/span>), votre coiffeur effectuera la coloration adapt\u00e9e uniquement \u00e0 vous.<\/span><\/li>\n<\/ul>\n<p><span style=\"color: #000000;\"><em>Sachez que chez boucle d&#8217;Or Coiffure \u00e0 Paris, nous avons des sp\u00e9cialistes de la coloration des cheveux avec + de 20 ans d&#8217;exp\u00e9rience, n&#8217;h\u00e9sitez pas \u00e0 faire <a href=\"https:\/\/www.boucledorcoiffure.com\/index.php\/prestations\/\"><strong>appel \u00e0 nos services<\/strong> !<\/a><\/em><\/span><\/p>\n<ul>\n<li><span style=\"color: #000000;\"><span style=\"text-decoration: underline;\"><strong>Pratique et d\u00e9tente<\/strong>&nbsp;:<\/span> plus besoin de se prendre la t\u00eate avec le type de coloration \u00e0 choisir. Ton sur ton , henn\u00e9, permanente ou semi-permanente : fini les casse-t\u00eates. Pr\u00e9cisez le r\u00e9sultat souhait\u00e9 \u00e0 votre coiffeuse et elle se chargera du reste. En plus, vous vous faites chouchouter pendant un moment de d\u00e9tente, quoi de mieux !<\/span><\/li>\n<\/ul>\n<h2><span style=\"color: #ff0000;\">Inconv\u00e9nients :<\/span><\/h2>\n<ul>\n<li><span style=\"color: #000000;\"><span style=\"text-decoration: underline;\"><strong>Plus cher :<\/strong><\/span> certes, mais vous aurez le droit \u00e0 une prestation de qualit\u00e9 et <strong>\u00e9viterez d&#8217;ab\u00eemer vos cheveux tout en gagnant du temps<\/strong> !<\/span><\/li>\n<\/ul>\n<h1><span style=\"color: #000000;\">Pour r\u00e9sumer<\/span><\/h1>\n<p><span style=\"color: #000000;\"><strong>Nous vous conseillons de passer chez un professionnel plut\u00f4t qu&#8217;\u00e0 la maison afin de vous assurer le meilleur r\u00e9sultat.<\/strong><\/span><\/p>\n<p><span style=\"color: #000000;\"> Sachez tout de m\u00eame qu&#8217;il est possible de le faire \u00e0 la maison et avoir de bons r\u00e9sultats, voici donc quelques pr\u00e9cautions \u00e0 prendre&nbsp; :<\/span><\/p>\n<ul>\n<li><span style=\"color: #000000;\"><strong>V\u00e9rifier si vous n&#8217;\u00eates pas allergiques aux produits de la coloration :<\/strong> c&#8217;est la 1ere chose \u00e0 faire ! V\u00e9rifiez, au contact du produit,&nbsp; que votre peau ne fasse aucune r\u00e9action allergique, au risque de l\u2019ab\u00eemer par la suite ;<\/span><\/li>\n<li><span style=\"color: #000000;\"><strong>Pas de coloration sur cheveux d\u00e9fris\u00e9s :<\/strong> laissez-vous au moins 2 semaines avant de faire une coloration pour ne pas ab\u00eemer le cuir chevelu et les cheveux ;<\/span><\/li>\n<li><span style=\"color: #000000;\"><strong>Faites des soins avant une coloration :<\/strong> <a href=\"https:\/\/www.boucledorcoiffure.com\/index.php\/2018\/03\/19\/3-astuces-essentielles-pour-faire-pousser-vos-cheveux-afro-plus-vite\/\">plus particuli\u00e8rement pour les cheveux cr\u00e9pus \/afro<\/a>, effectuer des soins vous permettront de conserver la qualit\u00e9 de votre chevelure lors de la coloration tout en \u00e9vitant de l\u2019ab\u00eemer.<\/span><\/li>\n<\/ul>\n","protected":false},"excerpt":{"rendered":"<p>L&#8217;\u00e9t\u00e9 arrive, les couleurs avec. Blond, bleu, rouge, argent\u00e9 et j&#8217;en passe : la coloration&hellip;<\/p>\n","protected":false},"author":1,"featured_media":305,"comment_status":"open","ping_status":"open","sticky":false,"template":"","format":"standard","meta":{"_monsterinsights_skip_tracking":false,"_monsterinsights_sitenote_active":false,"_monsterinsights_sitenote_note":"","_monsterinsights_sitenote_category":0,"ngg_post_thumbnail":0},"categories":[7],"tags":[],"aioseo_notices":[],"_links":{"self":[{"href":"https:\/\/www.boucledorcoiffure.com\/index.php\/wp-json\/wp\/v2\/posts\/303"}],"collection":[{"href":"https:\/\/www.boucledorcoiffure.com\/index.php\/wp-json\/wp\/v2\/posts"}],"about":[{"href":"https:\/\/www.boucledorcoiffure.com\/index.php\/wp-json\/wp\/v2\/types\/post"}],"author":[{"embeddable":true,"href":"https:\/\/www.boucledorcoiffure.com\/index.php\/wp-json\/wp\/v2\/users\/1"}],"replies":[{"embeddable":true,"href":"https:\/\/www.boucledorcoiffure.com\/index.php\/wp-json\/wp\/v2\/comments?post=303"}],"version-history":[{"count":9,"href":"https:\/\/www.boucledorcoiffure.com\/index.php\/wp-json\/wp\/v2\/posts\/303\/revisions"}],"predecessor-version":[{"id":337,"href":"https:\/\/www.boucledorcoiffure.com\/index.php\/wp-json\/wp\/v2\/posts\/303\/revisions\/337"}],"wp:featuredmedia":[{"embeddable":true,"href":"https:\/\/www.boucledorcoiffure.com\/index.php\/wp-json\/wp\/v2\/media\/305"}],"wp:attachment":[{"href":"https:\/\/www.boucledorcoiffure.com\/index.php\/wp-json\/wp\/v2\/media?parent=303"}],"wp:term":[{"taxonomy":"category","embeddable":true,"href":"https:\/\/www.boucledorcoiffure.com\/index.php\/wp-json\/wp\/v2\/categories?post=303"},{"taxonomy":"post_tag","embeddable":true,"href":"https:\/\/www.boucledorcoiffure.com\/index.php\/wp-json\/wp\/v2\/tags?post=303"}],"curies":[{"name":"wp","href":"https:\/\/api.w.org\/{rel}","templated":true}]}}